{"id":28932,"date":"2020-02-13T10:00:32","date_gmt":"2020-02-13T09:00:32","guid":{"rendered":"http:\/\/dirforestais.webs7.uvigo.es\/?p=28932"},"modified":"2020-03-13T17:21:30","modified_gmt":"2020-03-13T16:21:30","slug":"xunta-universidades-vigo-santiago-impulsaran-inventario-forestal-continuo-galicia","status":"publish","type":"post","link":"https:\/\/forestales.uvigo.es\/gl\/xunta-universidades-vigo-santiago-impulsaran-inventario-forestal-continuo-galicia\/","title":{"rendered":"A Xunta e as universidades de Vigo e Santiago impulsar\u00e1n un inventario forestal continuo de Galicia"},"content":{"rendered":"<p>O Consello da Xunta autorizou este xoves a sinatura dun convenio de colaboraci\u00f3n entre a Conseller\u00eda do Medio Rural, a Universidade de Vigo e a Universidade de Santiago de Compostela para o desenvolvemento do inventario forestal continuo de Galicia. O obxectivo desta iniciativa, segundo informou o Goberno galego, \u00e9 establecer unha folla de ruta conxunta que permita, por unha banda, facer un seguimento da cantidade e do estado das masas arboradas e, por outra, crear unha estratexia de apoio \u00e1s decisi\u00f3ns en materia de pol\u00edtica forestal mediante un sistema de monitoraxe forestal continuado. <\/p>\n<p>O orzamento total para o desenvolvemento do convenio ascende a m\u00e1is de 640.000 euros, dos que 574.000 ser\u00e1n achegados pola Conseller\u00eda do Medio Rural e outros 68.000 polas d\u00faas universidades participantes. O convenio, que desde a Universidade de Vigo ser\u00e1 coordinado pola Escola de Enxe\u00f1ar\u00eda Forestal, ter\u00e1 unha duraci\u00f3n de tres anos e rematar\u00e1 coa posta en marcha deste \u201cinventario forestal continuo\u201d. Nese senso, a Xunta sinalou que dispor de \u201cinformaci\u00f3n continua e precisa sobre o estado dos recursos dos montes \u00e9 imprescindible para abordar as pol\u00edticas forestais\u201d, de tal xeito que estas non respondan s\u00f3 a problemas espec\u00edficos, sen\u00f3n que fagan posible \u201cvalorar todos os aspectos de cada medida coa finalidade de mellorar a s\u00faa planificaci\u00f3n estrat\u00e9xica e econ\u00f3mica\u201d.<\/p>\n<p><a href=\"https:\/\/www.uvigo.gal\/universidade\/comunicacion\/duvi\/xunta-universidades-vigo-santiago-impulsaran-inventario-forestal-continuo-galicia\" target=\"_blank\" rel=\"noopener\">Ler a noticia completa no DUVI<\/a><\/p>\n","protected":false},"excerpt":{"rendered":"<p>O Consello da Xunta autorizou este xoves a sinatura dun convenio de colaboraci\u00f3n entre a Conseller\u00eda do Medio Rural, a Universidade de Vigo e a &hellip; <a class=\"excerpt_more\" href=\"https:\/\/forestales.uvigo.es\/gl\/xunta-universidades-vigo-santiago-impulsaran-inventario-forestal-continuo-galicia\/\">Continuar<\/a><\/p>\n","protected":false},"author":8,"featured_media":37163,"comment_status":"closed","ping_status":"closed","sticky":false,"template":"","format":"standard","meta":{"footnotes":""},"categories":[92],"tags":[144,142,146],"class_list":["post-28932","post","type-post","status-publish","format-standard","has-post-thumbnail","hentry","category-duvi","tag-estudantado","tag-premios","tag-reitor"],"_links":{"self":[{"href":"https:\/\/forestales.uvigo.es\/gl\/wp-json\/wp\/v2\/posts\/28932","targetHints":{"allow":["GET"]}}],"collection":[{"href":"https:\/\/forestales.uvigo.es\/gl\/wp-json\/wp\/v2\/posts"}],"about":[{"href":"https:\/\/forestales.uvigo.es\/gl\/wp-json\/wp\/v2\/types\/post"}],"author":[{"embeddable":true,"href":"https:\/\/forestales.uvigo.es\/gl\/wp-json\/wp\/v2\/users\/8"}],"replies":[{"embeddable":true,"href":"https:\/\/forestales.uvigo.es\/gl\/wp-json\/wp\/v2\/comments?post=28932"}],"version-history":[{"count":3,"href":"https:\/\/forestales.uvigo.es\/gl\/wp-json\/wp\/v2\/posts\/28932\/revisions"}],"predecessor-version":[{"id":37166,"href":"https:\/\/forestales.uvigo.es\/gl\/wp-json\/wp\/v2\/posts\/28932\/revisions\/37166"}],"wp:featuredmedia":[{"embeddable":true,"href":"https:\/\/forestales.uvigo.es\/gl\/wp-json\/wp\/v2\/media\/37163"}],"wp:attachment":[{"href":"https:\/\/forestales.uvigo.es\/gl\/wp-json\/wp\/v2\/media?parent=28932"}],"wp:term":[{"taxonomy":"category","embeddable":true,"href":"https:\/\/forestales.uvigo.es\/gl\/wp-json\/wp\/v2\/categories?post=28932"},{"taxonomy":"post_tag","embeddable":true,"href":"https:\/\/forestales.uvigo.es\/gl\/wp-json\/wp\/v2\/tags?post=28932"}],"curies":[{"name":"wp","href":"https:\/\/api.w.org\/{rel}","templated":true}]}}